{"id":5164,"date":"2025-04-16T10:59:02","date_gmt":"2025-04-16T08:59:02","guid":{"rendered":"https:\/\/www.neftys-pharma.com\/?p=5164"},"modified":"2025-04-17T15:08:44","modified_gmt":"2025-04-17T13:08:44","slug":"un-nouvel-entrepot-pour-bayleg-en-pologne","status":"publish","type":"post","link":"https:\/\/www.neftys-pharma.com\/pl\/un-nouvel-entrepot-pour-bayleg-en-pologne\/","title":{"rendered":"Nowy magazyn dla Bayleg w Polsce!"},"content":{"rendered":"\n<p>Nasza sp\u00f3\u0142ka zale\u017cna<strong> Bayleg<\/strong> w Polsce wkr\u00f3tce zrobi du\u017cy krok naprz\u00f3d w swoim rozwoju! Od ko\u0144ca czerwca firma przeprowadzi si\u0119 do zupe\u0142nie nowego magazynu.<\/p>\n\n\n\n<div style=\"height:90px\" aria-hidden=\"true\" class=\"wp-block-spacer\"><\/div>\n\n\n\n<div class=\"wp-block-media-text has-media-on-the-right is-stacked-on-mobile is-vertically-aligned-top\" style=\"grid-template-columns:auto 30%\"><div class=\"wp-block-media-text__content\">\n<p class=\"has-text-align-left\">Nowy magazyn ma \u0142\u0105czn\u0105 powierzchni\u0119<strong> 6000 m\u00b2<\/strong>, w tym <strong>800 m\u00b2<\/strong> biur i pomieszcze\u0144 socjalnych. Zosta\u0142 zaprojektowany w celu optymalizacji zarz\u0105dzania logistyk\u0105 i poprawy wydajno\u015bci operacyjnej.<\/p>\n\n\n\n<div style=\"height:69px\" aria-hidden=\"true\" class=\"wp-block-spacer\"><\/div>\n\n\n\n<p>Obejmuje zoptymalizowane rozwi\u0105zania pami\u0119ci masowej:<\/p>\n\n\n\n<div style=\"height:44px\" aria-hidden=\"true\" class=\"wp-block-spacer\"><\/div>\n\n\n\n<ul>\n<li>Rega\u0142y wysokiego sk\u0142adowania i rega\u0142y przesuwne<\/li>\n\n\n\n<li>Trzypi\u0119trowa antresola oferuj\u0105ca<strong> 19 000 miejsc<\/strong><\/li>\n\n\n\n<li>Ponad <strong>5 000 <\/strong>miejsc przeznaczonych na palety<\/li>\n\n\n\n<li>Nowoczesny system przeno\u015bnik\u00f3w usprawniaj\u0105cy operacje<\/li>\n<\/ul>\n<\/div><figure class=\"wp-block-media-text__media\"><img loading=\"lazy\" decoding=\"async\" width=\"768\" height=\"1024\" src=\"https:\/\/www.neftys-pharma.com\/wp-content\/uploads\/2025\/04\/IMG-20250328-WA0002-2-768x1024.jpg\" alt=\"\" class=\"wp-image-5291 size-full\" srcset=\"https:\/\/www.neftys-pharma.com\/wp-content\/uploads\/2025\/04\/IMG-20250328-WA0002-2-768x1024.jpg 768w, https:\/\/www.neftys-pharma.com\/wp-content\/uploads\/2025\/04\/IMG-20250328-WA0002-2-225x300.jpg 225w, https:\/\/www.neftys-pharma.com\/wp-content\/uploads\/2025\/04\/IMG-20250328-WA0002-2-1152x1536.jpg 1152w, https:\/\/www.neftys-pharma.com\/wp-content\/uploads\/2025\/04\/IMG-20250328-WA0002-2.jpg 1200w\" sizes=\"(max-width: 768px) 100vw, 768px\" \/><\/figure><\/div>\n\n\n\n<div style=\"height:38px\" aria-hidden=\"true\" class=\"wp-block-spacer\"><\/div>\n\n\n\n<div class=\"wp-block-media-text is-stacked-on-mobile is-vertically-aligned-top\" style=\"grid-template-columns:44% auto\"><figure class=\"wp-block-media-text__media\"><img loading=\"lazy\" decoding=\"async\" width=\"1024\" height=\"768\" src=\"https:\/\/www.neftys-pharma.com\/wp-content\/uploads\/2025\/04\/IMG_1674-1024x768.jpg\" alt=\"\" class=\"wp-image-5319 size-full\" srcset=\"https:\/\/www.neftys-pharma.com\/wp-content\/uploads\/2025\/04\/IMG_1674-1024x768.jpg 1024w, https:\/\/www.neftys-pharma.com\/wp-content\/uploads\/2025\/04\/IMG_1674-300x225.jpg 300w, https:\/\/www.neftys-pharma.com\/wp-content\/uploads\/2025\/04\/IMG_1674-768x576.jpg 768w, https:\/\/www.neftys-pharma.com\/wp-content\/uploads\/2025\/04\/IMG_1674-1536x1152.jpg 1536w, https:\/\/www.neftys-pharma.com\/wp-content\/uploads\/2025\/04\/IMG_1674-2048x1536.jpg 2048w\" sizes=\"(max-width: 1024px) 100vw, 1024px\" \/><\/figure><div class=\"wp-block-media-text__content\">\n<p>Magazyn spe\u0142nia normy bezpiecze\u0144stwa przeciwpo\u017carowego i wykorzystuje zaawansowane rozwi\u0105zania ekologiczne:<\/p>\n\n\n\n<div style=\"height:45px\" aria-hidden=\"true\" class=\"wp-block-spacer\"><\/div>\n\n\n\n<ul>\n<li>System zarz\u0105dzania budynkiem pod\u0142\u0105czony do paneli s\u0142onecznych o mocy<strong> 106 kW<\/strong><\/li>\n\n\n\n<li>Darmowe pompy ciep\u0142a dla wi\u0119kszej wydajno\u015bci energetycznej<\/li>\n<\/ul>\n\n\n\n<div style=\"height:109px\" aria-hidden=\"true\" class=\"wp-block-spacer\"><\/div>\n\n\n\n<p class=\"has-text-align-left\">Aby zapewni\u0107 p\u0142ynne i udane przej\u015bcie do nowej lokalizacji, zesp\u00f3\u0142 Bayleg zosta\u0142 zmobilizowany do tego wa\u017cnego kroku w rozwoju firmy.<\/p>\n<\/div><\/div>\n\n\n\n<div style=\"height:48px\" aria-hidden=\"true\" class=\"wp-block-spacer\"><\/div>\n\n\n\n<figure class=\"wp-block-gallery aligncenter has-nested-images columns-default is-cropped wp-block-gallery-1 is-layout-flex wp-block-gallery-is-layout-flex\">\n<figure class=\"wp-block-image size-large\"><img loading=\"lazy\" decoding=\"async\" width=\"1024\" height=\"768\" data-id=\"5218\" src=\"https:\/\/www.neftys-pharma.com\/wp-content\/uploads\/2025\/04\/IMG-20250328-WA0003-1-1024x768.jpg\" alt=\"\" class=\"wp-image-5218\" srcset=\"https:\/\/www.neftys-pharma.com\/wp-content\/uploads\/2025\/04\/IMG-20250328-WA0003-1-1024x768.jpg 1024w, https:\/\/www.neftys-pharma.com\/wp-content\/uploads\/2025\/04\/IMG-20250328-WA0003-1-300x225.jpg 300w, https:\/\/www.neftys-pharma.com\/wp-content\/uploads\/2025\/04\/IMG-20250328-WA0003-1-768x576.jpg 768w, https:\/\/www.neftys-pharma.com\/wp-content\/uploads\/2025\/04\/IMG-20250328-WA0003-1-1536x1152.jpg 1536w, https:\/\/www.neftys-pharma.com\/wp-content\/uploads\/2025\/04\/IMG-20250328-WA0003-1.jpg 2048w\" sizes=\"(max-width: 1024px) 100vw, 1024px\" \/><\/figure>\n\n\n\n<figure class=\"wp-block-image size-large\"><img loading=\"lazy\" decoding=\"async\" width=\"1024\" height=\"768\" data-id=\"5202\" src=\"https:\/\/www.neftys-pharma.com\/wp-content\/uploads\/2025\/04\/IMG-20250328-WA0001-1-1024x768.jpg\" alt=\"\" class=\"wp-image-5202\" srcset=\"https:\/\/www.neftys-pharma.com\/wp-content\/uploads\/2025\/04\/IMG-20250328-WA0001-1-1024x768.jpg 1024w, https:\/\/www.neftys-pharma.com\/wp-content\/uploads\/2025\/04\/IMG-20250328-WA0001-1-300x225.jpg 300w, https:\/\/www.neftys-pharma.com\/wp-content\/uploads\/2025\/04\/IMG-20250328-WA0001-1-768x576.jpg 768w, https:\/\/www.neftys-pharma.com\/wp-content\/uploads\/2025\/04\/IMG-20250328-WA0001-1-1536x1152.jpg 1536w, https:\/\/www.neftys-pharma.com\/wp-content\/uploads\/2025\/04\/IMG-20250328-WA0001-1.jpg 1600w\" sizes=\"(max-width: 1024px) 100vw, 1024px\" \/><\/figure>\n\n\n\n<figure class=\"wp-block-image size-large\"><img loading=\"lazy\" decoding=\"async\" width=\"1024\" height=\"768\" data-id=\"5205\" src=\"https:\/\/www.neftys-pharma.com\/wp-content\/uploads\/2025\/04\/IMG-20250328-WA0015-1-1024x768.jpg\" alt=\"\" class=\"wp-image-5205\" srcset=\"https:\/\/www.neftys-pharma.com\/wp-content\/uploads\/2025\/04\/IMG-20250328-WA0015-1-1024x768.jpg 1024w, https:\/\/www.neftys-pharma.com\/wp-content\/uploads\/2025\/04\/IMG-20250328-WA0015-1-300x225.jpg 300w, https:\/\/www.neftys-pharma.com\/wp-content\/uploads\/2025\/04\/IMG-20250328-WA0015-1-768x576.jpg 768w, https:\/\/www.neftys-pharma.com\/wp-content\/uploads\/2025\/04\/IMG-20250328-WA0015-1-1536x1152.jpg 1536w, https:\/\/www.neftys-pharma.com\/wp-content\/uploads\/2025\/04\/IMG-20250328-WA0015-1.jpg 2048w\" sizes=\"(max-width: 1024px) 100vw, 1024px\" \/><\/figure>\n<\/figure>\n\n\n\n<div style=\"height:45px\" aria-hidden=\"true\" class=\"wp-block-spacer\"><\/div>\n","protected":false},"excerpt":{"rendered":"<p>Nasza sp\u00f3\u0142ka zale\u017cna Bayleg w Polsce wkr\u00f3tce zrobi du\u017cy krok naprz\u00f3d w swoim rozwoju! Od ko\u0144ca czerwca firma przeprowadzi si\u0119 do zupe\u0142nie nowego magazynu.<\/p>\n","protected":false},"author":3,"featured_media":5165,"comment_status":"open","ping_status":"open","sticky":false,"template":"","format":"standard","meta":{"_acf_changed":false,"_monsterinsights_skip_tracking":false,"_monsterinsights_sitenote_active":false,"_monsterinsights_sitenote_note":"","_monsterinsights_sitenote_category":0,"footnotes":""},"categories":[35,15],"tags":[],"acf":[],"yoast_head":"<!-- This site is optimized with the Yoast SEO plugin v22.3 - https:\/\/yoast.com\/wordpress\/plugins\/seo\/ -->\n<title>Nowy magazyn dla Bayleg w Polsce! - Neftys Pharma<\/title>\n<meta name=\"robots\" content=\"index, follow, max-snippet:-1, max-image-preview:large, max-video-preview:-1\" \/>\n<link rel=\"canonical\" href=\"https:\/\/www.neftys-pharma.com\/pl\/un-nouvel-entrepot-pour-bayleg-en-pologne\/\" \/>\n<meta property=\"og:locale\" content=\"pl_PL\" \/>\n<meta property=\"og:type\" content=\"article\" \/>\n<meta property=\"og:title\" content=\"Nowy magazyn dla Bayleg w Polsce! - Neftys Pharma\" \/>\n<meta property=\"og:description\" content=\"Nasza sp\u00f3\u0142ka zale\u017cna Bayleg w Polsce wkr\u00f3tce zrobi du\u017cy krok naprz\u00f3d w swoim rozwoju! Od ko\u0144ca czerwca firma przeprowadzi si\u0119 do zupe\u0142nie nowego magazynu.\" \/>\n<meta property=\"og:url\" content=\"https:\/\/www.neftys-pharma.com\/pl\/un-nouvel-entrepot-pour-bayleg-en-pologne\/\" \/>\n<meta property=\"og:site_name\" content=\"Neftys Pharma\" \/>\n<meta property=\"article:published_time\" content=\"2025-04-16T08:59:02+00:00\" \/>\n<meta property=\"article:modified_time\" content=\"2025-04-17T13:08:44+00:00\" \/>\n<meta property=\"og:image\" content=\"https:\/\/www.neftys-pharma.com\/wp-content\/uploads\/2025\/04\/IMG-20250328-WA0000-e1743580981645.jpg\" \/>\n\t<meta property=\"og:image:width\" content=\"1600\" \/>\n\t<meta property=\"og:image:height\" content=\"573\" \/>\n\t<meta property=\"og:image:type\" content=\"image\/jpeg\" \/>\n<meta name=\"author\" content=\"Loann RAVET\" \/>\n<meta name=\"twitter:card\" content=\"summary_large_image\" \/>\n<meta name=\"twitter:label1\" content=\"Napisane przez\" \/>\n\t<meta name=\"twitter:data1\" content=\"Loann RAVET\" \/>\n\t<meta name=\"twitter:label2\" content=\"Szacowany czas czytania\" \/>\n\t<meta name=\"twitter:data2\" content=\"2 minuty\" \/>\n<script type=\"application\/ld+json\" class=\"yoast-schema-graph\">{\"@context\":\"https:\/\/schema.org\",\"@graph\":[{\"@type\":\"Article\",\"@id\":\"https:\/\/www.neftys-pharma.com\/pl\/un-nouvel-entrepot-pour-bayleg-en-pologne\/#article\",\"isPartOf\":{\"@id\":\"https:\/\/www.neftys-pharma.com\/pl\/un-nouvel-entrepot-pour-bayleg-en-pologne\/\"},\"author\":{\"name\":\"Loann RAVET\",\"@id\":\"https:\/\/www.neftys-pharma.com\/pl\/#\/schema\/person\/ba554c7f0aa1b4195a0282ec01e2d11b\"},\"headline\":\"Nowy magazyn dla Bayleg w Polsce!\",\"datePublished\":\"2025-04-16T08:59:02+00:00\",\"dateModified\":\"2025-04-17T13:08:44+00:00\",\"mainEntityOfPage\":{\"@id\":\"https:\/\/www.neftys-pharma.com\/pl\/un-nouvel-entrepot-pour-bayleg-en-pologne\/\"},\"wordCount\":158,\"commentCount\":0,\"publisher\":{\"@id\":\"https:\/\/www.neftys-pharma.com\/pl\/#organization\"},\"image\":{\"@id\":\"https:\/\/www.neftys-pharma.com\/pl\/un-nouvel-entrepot-pour-bayleg-en-pologne\/#primaryimage\"},\"thumbnailUrl\":\"https:\/\/www.neftys-pharma.com\/wp-content\/uploads\/2025\/04\/IMG-20250328-WA0000-e1743580981645.jpg\",\"articleSection\":{\"1\":\"Neftys Pharma\"},\"inLanguage\":\"pl-PL\",\"potentialAction\":[{\"@type\":\"CommentAction\",\"name\":\"Comment\",\"target\":[\"https:\/\/www.neftys-pharma.com\/pl\/un-nouvel-entrepot-pour-bayleg-en-pologne\/#respond\"]}]},{\"@type\":\"WebPage\",\"@id\":\"https:\/\/www.neftys-pharma.com\/pl\/un-nouvel-entrepot-pour-bayleg-en-pologne\/\",\"url\":\"https:\/\/www.neftys-pharma.com\/pl\/un-nouvel-entrepot-pour-bayleg-en-pologne\/\",\"name\":\"Nowy magazyn dla Bayleg w Polsce! - Neftys Pharma\",\"isPartOf\":{\"@id\":\"https:\/\/www.neftys-pharma.com\/pl\/#website\"},\"primaryImageOfPage\":{\"@id\":\"https:\/\/www.neftys-pharma.com\/pl\/un-nouvel-entrepot-pour-bayleg-en-pologne\/#primaryimage\"},\"image\":{\"@id\":\"https:\/\/www.neftys-pharma.com\/pl\/un-nouvel-entrepot-pour-bayleg-en-pologne\/#primaryimage\"},\"thumbnailUrl\":\"https:\/\/www.neftys-pharma.com\/wp-content\/uploads\/2025\/04\/IMG-20250328-WA0000-e1743580981645.jpg\",\"datePublished\":\"2025-04-16T08:59:02+00:00\",\"dateModified\":\"2025-04-17T13:08:44+00:00\",\"breadcrumb\":{\"@id\":\"https:\/\/www.neftys-pharma.com\/pl\/un-nouvel-entrepot-pour-bayleg-en-pologne\/#breadcrumb\"},\"inLanguage\":\"pl-PL\",\"potentialAction\":[{\"@type\":\"ReadAction\",\"target\":[\"https:\/\/www.neftys-pharma.com\/pl\/un-nouvel-entrepot-pour-bayleg-en-pologne\/\"]}]},{\"@type\":\"ImageObject\",\"inLanguage\":\"pl-PL\",\"@id\":\"https:\/\/www.neftys-pharma.com\/pl\/un-nouvel-entrepot-pour-bayleg-en-pologne\/#primaryimage\",\"url\":\"https:\/\/www.neftys-pharma.com\/wp-content\/uploads\/2025\/04\/IMG-20250328-WA0000-e1743580981645.jpg\",\"contentUrl\":\"https:\/\/www.neftys-pharma.com\/wp-content\/uploads\/2025\/04\/IMG-20250328-WA0000-e1743580981645.jpg\",\"width\":1600,\"height\":573},{\"@type\":\"BreadcrumbList\",\"@id\":\"https:\/\/www.neftys-pharma.com\/pl\/un-nouvel-entrepot-pour-bayleg-en-pologne\/#breadcrumb\",\"itemListElement\":[{\"@type\":\"ListItem\",\"position\":1,\"name\":\"Home\",\"item\":\"https:\/\/www.neftys-pharma.com\/pl\/\"},{\"@type\":\"ListItem\",\"position\":2,\"name\":\"Nowy magazyn dla Bayleg w Polsce!\"}]},{\"@type\":\"WebSite\",\"@id\":\"https:\/\/www.neftys-pharma.com\/pl\/#website\",\"url\":\"https:\/\/www.neftys-pharma.com\/pl\/\",\"name\":\"Neftys Pharma\",\"description\":\"\",\"publisher\":{\"@id\":\"https:\/\/www.neftys-pharma.com\/pl\/#organization\"},\"alternateName\":\"NP\",\"potentialAction\":[{\"@type\":\"SearchAction\",\"target\":{\"@type\":\"EntryPoint\",\"urlTemplate\":\"https:\/\/www.neftys-pharma.com\/pl\/?s={search_term_string}\"},\"query-input\":\"required name=search_term_string\"}],\"inLanguage\":\"pl-PL\"},{\"@type\":\"Organization\",\"@id\":\"https:\/\/www.neftys-pharma.com\/pl\/#organization\",\"name\":\"Neftys Pharma\",\"url\":\"https:\/\/www.neftys-pharma.com\/pl\/\",\"logo\":{\"@type\":\"ImageObject\",\"inLanguage\":\"pl-PL\",\"@id\":\"https:\/\/www.neftys-pharma.com\/pl\/#\/schema\/logo\/image\/\",\"url\":\"https:\/\/www.neftys-pharma.com\/wp-content\/uploads\/2023\/04\/LOGO-NEFTYS-PHARMA_Plan-de-travail-1.png\",\"contentUrl\":\"https:\/\/www.neftys-pharma.com\/wp-content\/uploads\/2023\/04\/LOGO-NEFTYS-PHARMA_Plan-de-travail-1.png\",\"width\":1772,\"height\":935,\"caption\":\"Neftys Pharma\"},\"image\":{\"@id\":\"https:\/\/www.neftys-pharma.com\/pl\/#\/schema\/logo\/image\/\"},\"sameAs\":[\"https:\/\/www.linkedin.com\/company\/neftys-pharma\/\"]},{\"@type\":\"Person\",\"@id\":\"https:\/\/www.neftys-pharma.com\/pl\/#\/schema\/person\/ba554c7f0aa1b4195a0282ec01e2d11b\",\"name\":\"Loann RAVET\",\"image\":{\"@type\":\"ImageObject\",\"inLanguage\":\"pl-PL\",\"@id\":\"https:\/\/www.neftys-pharma.com\/pl\/#\/schema\/person\/image\/\",\"url\":\"https:\/\/secure.gravatar.com\/avatar\/a0063badba1f8650b1fdbe8c2cf2ddbb?s=96&d=mm&r=g\",\"contentUrl\":\"https:\/\/secure.gravatar.com\/avatar\/a0063badba1f8650b1fdbe8c2cf2ddbb?s=96&d=mm&r=g\",\"caption\":\"Loann RAVET\"},\"url\":\"https:\/\/www.neftys-pharma.com\/pl\/author\/lravet\/\"}]}<\/script>\n<!-- \/ Yoast SEO plugin. -->","yoast_head_json":{"title":"Nowy magazyn dla Bayleg w Polsce! - Neftys Pharma","robots":{"index":"index","follow":"follow","max-snippet":"max-snippet:-1","max-image-preview":"max-image-preview:large","max-video-preview":"max-video-preview:-1"},"canonical":"https:\/\/www.neftys-pharma.com\/pl\/un-nouvel-entrepot-pour-bayleg-en-pologne\/","og_locale":"pl_PL","og_type":"article","og_title":"Nowy magazyn dla Bayleg w Polsce! - Neftys Pharma","og_description":"Nasza sp\u00f3\u0142ka zale\u017cna Bayleg w Polsce wkr\u00f3tce zrobi du\u017cy krok naprz\u00f3d w swoim rozwoju! Od ko\u0144ca czerwca firma przeprowadzi si\u0119 do zupe\u0142nie nowego magazynu.","og_url":"https:\/\/www.neftys-pharma.com\/pl\/un-nouvel-entrepot-pour-bayleg-en-pologne\/","og_site_name":"Neftys Pharma","article_published_time":"2025-04-16T08:59:02+00:00","article_modified_time":"2025-04-17T13:08:44+00:00","og_image":[{"width":1600,"height":573,"url":"https:\/\/www.neftys-pharma.com\/wp-content\/uploads\/2025\/04\/IMG-20250328-WA0000-e1743580981645.jpg","type":"image\/jpeg"}],"author":"Loann RAVET","twitter_card":"summary_large_image","twitter_misc":{"Napisane przez":"Loann RAVET","Szacowany czas czytania":"2 minuty"},"schema":{"@context":"https:\/\/schema.org","@graph":[{"@type":"Article","@id":"https:\/\/www.neftys-pharma.com\/pl\/un-nouvel-entrepot-pour-bayleg-en-pologne\/#article","isPartOf":{"@id":"https:\/\/www.neftys-pharma.com\/pl\/un-nouvel-entrepot-pour-bayleg-en-pologne\/"},"author":{"name":"Loann RAVET","@id":"https:\/\/www.neftys-pharma.com\/pl\/#\/schema\/person\/ba554c7f0aa1b4195a0282ec01e2d11b"},"headline":"Nowy magazyn dla Bayleg w Polsce!","datePublished":"2025-04-16T08:59:02+00:00","dateModified":"2025-04-17T13:08:44+00:00","mainEntityOfPage":{"@id":"https:\/\/www.neftys-pharma.com\/pl\/un-nouvel-entrepot-pour-bayleg-en-pologne\/"},"wordCount":158,"commentCount":0,"publisher":{"@id":"https:\/\/www.neftys-pharma.com\/pl\/#organization"},"image":{"@id":"https:\/\/www.neftys-pharma.com\/pl\/un-nouvel-entrepot-pour-bayleg-en-pologne\/#primaryimage"},"thumbnailUrl":"https:\/\/www.neftys-pharma.com\/wp-content\/uploads\/2025\/04\/IMG-20250328-WA0000-e1743580981645.jpg","articleSection":{"1":"Neftys Pharma"},"inLanguage":"pl-PL","potentialAction":[{"@type":"CommentAction","name":"Comment","target":["https:\/\/www.neftys-pharma.com\/pl\/un-nouvel-entrepot-pour-bayleg-en-pologne\/#respond"]}]},{"@type":"WebPage","@id":"https:\/\/www.neftys-pharma.com\/pl\/un-nouvel-entrepot-pour-bayleg-en-pologne\/","url":"https:\/\/www.neftys-pharma.com\/pl\/un-nouvel-entrepot-pour-bayleg-en-pologne\/","name":"Nowy magazyn dla Bayleg w Polsce! - Neftys Pharma","isPartOf":{"@id":"https:\/\/www.neftys-pharma.com\/pl\/#website"},"primaryImageOfPage":{"@id":"https:\/\/www.neftys-pharma.com\/pl\/un-nouvel-entrepot-pour-bayleg-en-pologne\/#primaryimage"},"image":{"@id":"https:\/\/www.neftys-pharma.com\/pl\/un-nouvel-entrepot-pour-bayleg-en-pologne\/#primaryimage"},"thumbnailUrl":"https:\/\/www.neftys-pharma.com\/wp-content\/uploads\/2025\/04\/IMG-20250328-WA0000-e1743580981645.jpg","datePublished":"2025-04-16T08:59:02+00:00","dateModified":"2025-04-17T13:08:44+00:00","breadcrumb":{"@id":"https:\/\/www.neftys-pharma.com\/pl\/un-nouvel-entrepot-pour-bayleg-en-pologne\/#breadcrumb"},"inLanguage":"pl-PL","potentialAction":[{"@type":"ReadAction","target":["https:\/\/www.neftys-pharma.com\/pl\/un-nouvel-entrepot-pour-bayleg-en-pologne\/"]}]},{"@type":"ImageObject","inLanguage":"pl-PL","@id":"https:\/\/www.neftys-pharma.com\/pl\/un-nouvel-entrepot-pour-bayleg-en-pologne\/#primaryimage","url":"https:\/\/www.neftys-pharma.com\/wp-content\/uploads\/2025\/04\/IMG-20250328-WA0000-e1743580981645.jpg","contentUrl":"https:\/\/www.neftys-pharma.com\/wp-content\/uploads\/2025\/04\/IMG-20250328-WA0000-e1743580981645.jpg","width":1600,"height":573},{"@type":"BreadcrumbList","@id":"https:\/\/www.neftys-pharma.com\/pl\/un-nouvel-entrepot-pour-bayleg-en-pologne\/#breadcrumb","itemListElement":[{"@type":"ListItem","position":1,"name":"Home","item":"https:\/\/www.neftys-pharma.com\/pl\/"},{"@type":"ListItem","position":2,"name":"Nowy magazyn dla Bayleg w Polsce!"}]},{"@type":"WebSite","@id":"https:\/\/www.neftys-pharma.com\/pl\/#website","url":"https:\/\/www.neftys-pharma.com\/pl\/","name":"Neftys Pharma","description":"","publisher":{"@id":"https:\/\/www.neftys-pharma.com\/pl\/#organization"},"alternateName":"NP","potentialAction":[{"@type":"SearchAction","target":{"@type":"EntryPoint","urlTemplate":"https:\/\/www.neftys-pharma.com\/pl\/?s={search_term_string}"},"query-input":"required name=search_term_string"}],"inLanguage":"pl-PL"},{"@type":"Organization","@id":"https:\/\/www.neftys-pharma.com\/pl\/#organization","name":"Neftys Pharma","url":"https:\/\/www.neftys-pharma.com\/pl\/","logo":{"@type":"ImageObject","inLanguage":"pl-PL","@id":"https:\/\/www.neftys-pharma.com\/pl\/#\/schema\/logo\/image\/","url":"https:\/\/www.neftys-pharma.com\/wp-content\/uploads\/2023\/04\/LOGO-NEFTYS-PHARMA_Plan-de-travail-1.png","contentUrl":"https:\/\/www.neftys-pharma.com\/wp-content\/uploads\/2023\/04\/LOGO-NEFTYS-PHARMA_Plan-de-travail-1.png","width":1772,"height":935,"caption":"Neftys Pharma"},"image":{"@id":"https:\/\/www.neftys-pharma.com\/pl\/#\/schema\/logo\/image\/"},"sameAs":["https:\/\/www.linkedin.com\/company\/neftys-pharma\/"]},{"@type":"Person","@id":"https:\/\/www.neftys-pharma.com\/pl\/#\/schema\/person\/ba554c7f0aa1b4195a0282ec01e2d11b","name":"Loann RAVET","image":{"@type":"ImageObject","inLanguage":"pl-PL","@id":"https:\/\/www.neftys-pharma.com\/pl\/#\/schema\/person\/image\/","url":"https:\/\/secure.gravatar.com\/avatar\/a0063badba1f8650b1fdbe8c2cf2ddbb?s=96&d=mm&r=g","contentUrl":"https:\/\/secure.gravatar.com\/avatar\/a0063badba1f8650b1fdbe8c2cf2ddbb?s=96&d=mm&r=g","caption":"Loann RAVET"},"url":"https:\/\/www.neftys-pharma.com\/pl\/author\/lravet\/"}]}},"_links":{"self":[{"href":"https:\/\/www.neftys-pharma.com\/pl\/wp-json\/wp\/v2\/posts\/5164"}],"collection":[{"href":"https:\/\/www.neftys-pharma.com\/pl\/wp-json\/wp\/v2\/posts"}],"about":[{"href":"https:\/\/www.neftys-pharma.com\/pl\/wp-json\/wp\/v2\/types\/post"}],"author":[{"embeddable":true,"href":"https:\/\/www.neftys-pharma.com\/pl\/wp-json\/wp\/v2\/users\/3"}],"replies":[{"embeddable":true,"href":"https:\/\/www.neftys-pharma.com\/pl\/wp-json\/wp\/v2\/comments?post=5164"}],"version-history":[{"count":40,"href":"https:\/\/www.neftys-pharma.com\/pl\/wp-json\/wp\/v2\/posts\/5164\/revisions"}],"predecessor-version":[{"id":5334,"href":"https:\/\/www.neftys-pharma.com\/pl\/wp-json\/wp\/v2\/posts\/5164\/revisions\/5334"}],"wp:featuredmedia":[{"embeddable":true,"href":"https:\/\/www.neftys-pharma.com\/pl\/wp-json\/wp\/v2\/media\/5165"}],"wp:attachment":[{"href":"https:\/\/www.neftys-pharma.com\/pl\/wp-json\/wp\/v2\/media?parent=5164"}],"wp:term":[{"taxonomy":"category","embeddable":true,"href":"https:\/\/www.neftys-pharma.com\/pl\/wp-json\/wp\/v2\/categories?post=5164"},{"taxonomy":"post_tag","embeddable":true,"href":"https:\/\/www.neftys-pharma.com\/pl\/wp-json\/wp\/v2\/tags?post=5164"}],"curies":[{"name":"wp","href":"https:\/\/api.w.org\/{rel}","templated":true}]}}